{"dados":[{"titulo":"027\/2026 - PS\/T\u00e9cnico em Enfermagem\/US","dataAtualizacao":"2026-04-24 14:32:33","dataPostagem":"2026-04-27 14:00:00","dataRealizacao":"2026-04-24 17:00:00","numeroEdital":null,"numeroProcesso":14950,"modalidade":"Convoca\u00e7\u00e3o","situacao":"Conclu\u00eddo","descricao":""},{"titulo":"026\/2026 - TNS\/PS\/Enfermeiro","dataAtualizacao":"2026-04-24 14:27:39","dataPostagem":"2026-04-27 10:00:00","dataRealizacao":"2026-04-24 17:00:00","numeroEdital":null,"numeroProcesso":6305,"modalidade":"Convoca\u00e7\u00e3o","situacao":"Conclu\u00eddo","descricao":""},{"titulo":"025\/2026 - TNS\/PS\/Enfermeiro\/Urg\u00eancia e Emerg\u00eancia","dataAtualizacao":"2026-04-24 14:22:47","dataPostagem":"2026-04-27 09:00:00","dataRealizacao":"2026-04-24 17:00:00","numeroEdital":null,"numeroProcesso":4219,"modalidade":"Convoca\u00e7\u00e3o","situacao":"Conclu\u00eddo","descricao":""},{"titulo":"023\/2026 - TNS\/PS\/Bioqu\u00edmico\/Farmac\u00eautico","dataAtualizacao":"2026-04-24 14:20:12","dataPostagem":"2026-04-27 08:00:00","dataRealizacao":"2026-04-24 17:00:00","numeroEdital":null,"numeroProcesso":4250,"modalidade":"Convoca\u00e7\u00e3o","situacao":"Conclu\u00eddo","descricao":""},{"titulo":"Edital_11-2026-SEDUC- SUPERVISOR PEDAG\u00d3GICO","dataAtualizacao":"2026-04-27 16:33:28","dataPostagem":"2026-04-27 00:00:00","dataRealizacao":"2026-04-27 00:00:00","numeroEdital":null,"numeroProcesso":18125,"modalidade":"Contrata\u00e7\u00e3o","situacao":"Aberto","descricao":""},{"titulo":"Edital_12-2026-SEDUC- EDUCADOR INFANTIL","dataAtualizacao":"2026-04-27 16:30:52","dataPostagem":"2026-04-27 00:00:00","dataRealizacao":"2026-04-27 00:00:00","numeroEdital":null,"numeroProcesso":18125,"modalidade":"Contrata\u00e7\u00e3o","situacao":"Aberto","descricao":""},{"titulo":"Edital_10-2026-SEDUC- AUXILIAR DE CRECHE","dataAtualizacao":"2026-04-27 16:28:50","dataPostagem":"2026-04-27 00:00:00","dataRealizacao":"2026-04-27 00:00:00","numeroEdital":null,"numeroProcesso":18125,"modalidade":"Contrata\u00e7\u00e3o","situacao":"Aberto","descricao":""},{"titulo":"Edital de Contrata\u00e7\u00e3o_09-2026-SEDUC - Educador Infantil","dataAtualizacao":"2026-04-24 16:05:54","dataPostagem":"2026-04-24 00:00:00","dataRealizacao":"2026-04-24 00:00:00","numeroEdital":null,"numeroProcesso":18125,"modalidade":"Contrata\u00e7\u00e3o","situacao":"Conclu\u00eddo","descricao":""},{"titulo":"Edital de Contrata\u00e7\u00e3o_08-2026-SEDUC - Professor PII","dataAtualizacao":"2026-04-24 16:06:22","dataPostagem":"2026-04-24 00:00:00","dataRealizacao":"2026-04-24 00:00:00","numeroEdital":null,"numeroProcesso":18125,"modalidade":"Contrata\u00e7\u00e3o","situacao":"Conclu\u00eddo","descricao":""},{"titulo":"Processo Seletivo Simplificado para Estagi\u00e1rios - SEMFA","dataAtualizacao":"2026-04-23 09:05:31","dataPostagem":"2026-04-23 00:00:00","dataRealizacao":"2026-04-23 00:00:00","numeroEdital":null,"numeroProcesso":1,"modalidade":"Processo Seletivo","situacao":"Aberto","descricao":""},{"titulo":"EDITAL-06-2026-SEDUC-SUPERVISOR PEDAG\u00d3GICO","dataAtualizacao":"2026-04-15 07:53:23","dataPostagem":"2026-04-15 00:00:00","dataRealizacao":"2026-04-15 00:00:00","numeroEdital":null,"numeroProcesso":18125,"modalidade":"Contrata\u00e7\u00e3o","situacao":"Conclu\u00eddo","descricao":""},{"titulo":"EDITAL-05-2026-SEDUC - Professor PII","dataAtualizacao":"2026-04-15 07:47:47","dataPostagem":"2026-04-15 00:00:00","dataRealizacao":"2026-04-15 00:00:00","numeroEdital":null,"numeroProcesso":18125,"modalidade":"Contrata\u00e7\u00e3o","situacao":"Conclu\u00eddo","descricao":""},{"titulo":"Edital_04-2026-SEDUC- Auxiliar de Creche","dataAtualizacao":"2026-04-10 16:42:40","dataPostagem":"2026-04-10 00:00:00","dataRealizacao":"2026-04-10 00:00:00","numeroEdital":null,"numeroProcesso":18125,"modalidade":"Contrata\u00e7\u00e3o","situacao":"Conclu\u00eddo","descricao":""},{"titulo":"Edital_02-2026-SEDUC- Professor PII - Professor PII_mat\u00e9ria espec\u00edfica","dataAtualizacao":"2026-04-10 16:37:43","dataPostagem":"2026-04-10 00:00:00","dataRealizacao":"2026-04-10 00:00:00","numeroEdital":null,"numeroProcesso":18125,"modalidade":"Contrata\u00e7\u00e3o","situacao":"Conclu\u00eddo","descricao":""},{"titulo":"Edital_01-2026-SEDUC-Pedagogo_Orientador-Supervisor-Pedag\u00f3gico","dataAtualizacao":"2026-04-10 16:40:23","dataPostagem":"2026-04-10 00:00:00","dataRealizacao":"2026-04-10 00:00:00","numeroEdital":null,"numeroProcesso":18125,"modalidade":"Contrata\u00e7\u00e3o","situacao":"Encerrado","descricao":""},{"titulo":"Edital_03-2026-SEDUC- Educador Infantil","dataAtualizacao":"2026-04-10 16:41:26","dataPostagem":"2026-04-10 00:00:00","dataRealizacao":"2026-04-10 00:00:00","numeroEdital":null,"numeroProcesso":18125,"modalidade":"Contrata\u00e7\u00e3o","situacao":"Conclu\u00eddo","descricao":""},{"titulo":"Processo Seletivo para Estagi\u00e1rios 2026 - PGM","dataAtualizacao":"2026-04-28 16:59:27","dataPostagem":"2026-04-10 00:00:00","dataRealizacao":"2026-04-10 00:00:00","numeroEdital":null,"numeroProcesso":1,"modalidade":"Processo Seletivo","situacao":"Aberto","descricao":""},{"titulo":"022\/2026 - Auxiliar Educador \/ Cuidador Residente","dataAtualizacao":"2026-04-16 15:17:49","dataPostagem":"2026-04-01 17:00:00","dataRealizacao":"2026-04-01 17:00:00","numeroEdital":null,"numeroProcesso":1876,"modalidade":"Processo Seletivo","situacao":"Aberto","descricao":""},{"titulo":"Edital de Chamamento P\u00fablico COMDEDICA N\u00ba 01\/2026 - Sele\u00e7\u00e3o de propostas para celebra\u00e7\u00e3o de parceria","dataAtualizacao":"2026-04-01 13:06:25","dataPostagem":"2026-04-01 00:00:00","dataRealizacao":"2026-04-01 13:00:00","numeroEdital":null,"numeroProcesso":3070,"modalidade":"COMDEDICA","situacao":"Aberto","descricao":""},{"titulo":"024\/2026 - Edital de Convoca\u00e7\u00e3o - TNS\/ES\/M\u00e9dico Plantonista Pediatra","dataAtualizacao":"2026-03-12 13:16:47","dataPostagem":"2026-03-12 12:00:00","dataRealizacao":"2026-03-12 12:00:00","numeroEdital":null,"numeroProcesso":1774,"modalidade":"Convoca\u00e7\u00e3o","situacao":"Conclu\u00eddo","descricao":""},{"titulo":"021\/2026 - TNS\/ES\/M\u00e9dico Plantonista Cirurgi\u00e3o Geral","dataAtualizacao":"2026-03-06 10:19:20","dataPostagem":"2026-03-04 17:00:00","dataRealizacao":"2026-03-04 17:00:00","numeroEdital":null,"numeroProcesso":1774,"modalidade":"Convoca\u00e7\u00e3o","situacao":"Encerrado","descricao":""},{"titulo":"020\/2026 - TNS\/ES\/M\u00e9dico Plantonista Pediatra","dataAtualizacao":"2026-03-06 10:10:48","dataPostagem":"2026-03-04 17:00:00","dataRealizacao":"2026-03-04 17:00:00","numeroEdital":null,"numeroProcesso":1774,"modalidade":"Convoca\u00e7\u00e3o","situacao":"Encerrado","descricao":""},{"titulo":"014\/2026 - Professor PII e Mat\u00e9ria Espec\u00edfica - SEDUC","dataAtualizacao":"2026-03-03 15:55:54","dataPostagem":"2026-03-03 17:00:00","dataRealizacao":"2026-03-03 17:00:00","numeroEdital":null,"numeroProcesso":18125,"modalidade":"Convoca\u00e7\u00e3o","situacao":"Conclu\u00eddo","descricao":""},{"titulo":"019\/2026 - Auxiliar de Creche","dataAtualizacao":"2026-03-03 15:57:35","dataPostagem":"2026-03-03 17:00:00","dataRealizacao":"2026-03-03 17:00:00","numeroEdital":null,"numeroProcesso":18125,"modalidade":"Convoca\u00e7\u00e3o","situacao":"Conclu\u00eddo","descricao":""},{"titulo":"016\/2026 - EDUCADOR INFANTIL - SEDUC","dataAtualizacao":"2026-03-03 15:55:16","dataPostagem":"2026-03-03 17:00:00","dataRealizacao":"2026-03-03 17:00:00","numeroEdital":null,"numeroProcesso":18125,"modalidade":"Convoca\u00e7\u00e3o","situacao":"Conclu\u00eddo","descricao":""},{"titulo":"015\/2026 - Supervisor Pedag\u00f3gico - Orientador Pedag\u00f3gico - Assistente Social Escolar e Psic\u00f3logo Escolar - SEDUC","dataAtualizacao":"2026-03-03 15:53:13","dataPostagem":"2026-03-03 17:00:00","dataRealizacao":"2026-03-03 17:00:00","numeroEdital":null,"numeroProcesso":18125,"modalidade":"Convoca\u00e7\u00e3o","situacao":"Conclu\u00eddo","descricao":""},{"titulo":"Edital_017_2026-SEMUS-TNS_ES_M\u00e9dico_Plantonista_Pediatra","dataAtualizacao":"2026-03-02 11:30:01","dataPostagem":"2026-03-03 00:00:00","dataRealizacao":"2026-02-27 00:00:00","numeroEdital":null,"numeroProcesso":1774,"modalidade":"Processo Seletivo","situacao":"Encerrado","descricao":""},{"titulo":"Edital_018_2026-SEMUS-TNS_ES_M\u00e9dico_Plantonista_Cirurgi\u00e3o-Geral","dataAtualizacao":"2026-03-02 11:32:17","dataPostagem":"2026-03-03 00:00:00","dataRealizacao":"2026-02-27 00:00:00","numeroEdital":null,"numeroProcesso":1774,"modalidade":"Processo Seletivo","situacao":"Encerrado","descricao":""},{"titulo":"012\/2026 - TNS\/ES\/M\u00e9dico Plantonista Pediatra","dataAtualizacao":"2026-02-24 08:30:59","dataPostagem":"2026-02-24 08:00:00","dataRealizacao":"2026-02-24 08:00:00","numeroEdital":null,"numeroProcesso":1774,"modalidade":"Convoca\u00e7\u00e3o","situacao":"Conclu\u00eddo","descricao":""},{"titulo":"011\/2026 - TNS\/ES\/M\u00e9dico Plantonista Cl\u00ednico Geral","dataAtualizacao":"2026-02-24 08:29:54","dataPostagem":"2026-02-24 08:00:00","dataRealizacao":"2026-02-24 08:00:00","numeroEdital":null,"numeroProcesso":1774,"modalidade":"Convoca\u00e7\u00e3o","situacao":"Conclu\u00eddo","descricao":""},{"titulo":"010\/2026 - TNS\/ES\/M\u00e9dico Cl\u00ednico Geral","dataAtualizacao":"2026-02-24 08:28:37","dataPostagem":"2026-02-24 08:00:00","dataRealizacao":"2026-02-24 08:00:00","numeroEdital":null,"numeroProcesso":1774,"modalidade":"Convoca\u00e7\u00e3o","situacao":"Conclu\u00eddo","descricao":""},{"titulo":"009\/2026 - TNS\/ES\/M\u00e9dico da Fam\u00edlia","dataAtualizacao":"2026-02-24 08:27:48","dataPostagem":"2026-02-24 08:00:00","dataRealizacao":"2026-02-24 08:00:00","numeroEdital":null,"numeroProcesso":1774,"modalidade":"Convoca\u00e7\u00e3o","situacao":"Conclu\u00eddo","descricao":""},{"titulo":"013\/2026 - TNS\/ES\/M\u00e9dico Plantonista Cirurgi\u00e3o Geral","dataAtualizacao":"2026-02-24 08:33:54","dataPostagem":"2026-02-24 08:00:00","dataRealizacao":"2026-02-24 08:00:00","numeroEdital":null,"numeroProcesso":1774,"modalidade":"Convoca\u00e7\u00e3o","situacao":"Conclu\u00eddo","descricao":""},{"titulo":"008\/2026 - Auxiliar de Creche - SEDUC","dataAtualizacao":"2026-02-02 18:03:36","dataPostagem":"2026-02-02 17:00:00","dataRealizacao":"2026-02-02 17:00:00","numeroEdital":null,"numeroProcesso":18125,"modalidade":"Convoca\u00e7\u00e3o","situacao":"Conclu\u00eddo","descricao":"Contrata&ccedil;&atilde;o tempor&aacute;ria utilizando a lista vigente de classificados do Concurso P&uacute;blico - Edital 01\/2025 de profissionais da educa&ccedil;&atilde;o, tendo em vista o in&iacute;cio do ano letivo."},{"titulo":"007\/2026 - EDUCADOR INFANTIL - SEDUC","dataAtualizacao":"2026-02-02 18:02:46","dataPostagem":"2026-02-02 17:00:00","dataRealizacao":"2026-02-02 17:00:00","numeroEdital":null,"numeroProcesso":18125,"modalidade":"Convoca\u00e7\u00e3o","situacao":"Conclu\u00eddo","descricao":"Contrata&ccedil;&atilde;o tempor&aacute;ria utilizando a lista vigente de classificados do Concurso P&uacute;blico - Edital 01\/2025 de profissionais da educa&ccedil;&atilde;o, tendo em vista o in&iacute;cio do ano letivo.<br \/>\r\n<br \/>\r\n1.1. EDUCADOR INFANTIL"},{"titulo":"006\/2026 - Professor PII e Mat\u00e9ria Espec\u00edfica - SEDUC","dataAtualizacao":"2026-02-02 18:01:49","dataPostagem":"2026-02-02 17:00:00","dataRealizacao":"2026-02-02 17:00:00","numeroEdital":null,"numeroProcesso":18125,"modalidade":"Convoca\u00e7\u00e3o","situacao":"Conclu\u00eddo","descricao":"Contrata&ccedil;&atilde;o tempor&aacute;ria utilizando a lista vigente de classificados do Concurso P&uacute;blico - Edital 01\/2025 de profissionais da educa&ccedil;&atilde;o, tendo em vista o in&iacute;cio do ano letivo.<br \/>\r\n<br \/>\r\n1.1. PROFESSOR PII<br \/>\r\n1.2. &nbsp;PROFESSOR PII - (L&Iacute;NGUA PORTUGUESA)<br \/>\r\n1.3. PROFESSOR PII (MATEM&Aacute;TICA)<br \/>\r\n1.4. PROFESSOR PII (HIST&Oacute;RIA)<br \/>\r\n1.5. PROFESSOR PII (GEOGRAFIA)<br \/>\r\n1.6. PROFESSOR PII (CI&Ecirc;NCIAS)<br \/>\r\n1.7. PROFESSOR PII (ARTE)<br \/>\r\n1.8. PROFESSOR PII - (L&Iacute;NGUA INGLESA)<br \/>\r\n1.9. PROFESSOR PII (ENSINO RELIGIOSO)"},{"titulo":"005\/2026 - Supervisor Pedag\u00f3gico - Orientador Pedag\u00f3gico e Assistente Social Escolar - SEDUC","dataAtualizacao":"2026-02-03 06:50:50","dataPostagem":"2026-02-02 17:00:00","dataRealizacao":"2026-02-02 17:00:00","numeroEdital":null,"numeroProcesso":18125,"modalidade":"Convoca\u00e7\u00e3o","situacao":"Conclu\u00eddo","descricao":"Contrata&ccedil;&atilde;o tempor&aacute;ria utilizando a lista vigente de classificados do Concurso P&uacute;blico - Edital 01\/2025 de profissionais da educa&ccedil;&atilde;o, tendo em vista o in&iacute;cio do ano letivo.<br \/>\r\n<br \/>\r\n1.1. TNS\/Pedagogo\/Supervisor Pedag&oacute;gico<br \/>\r\n1.2. TNS\/Pedagogo\/Orientador Pedag&oacute;gico<br \/>\r\n1.3. TNS\/PS\/Assistente Social Escolar"},{"titulo":"004\/2026 - Auxiliar de Creche - SEDUC","dataAtualizacao":"2026-01-23 20:00:32","dataPostagem":"2026-01-22 21:10:00","dataRealizacao":"2026-01-22 21:10:00","numeroEdital":null,"numeroProcesso":18125,"modalidade":"Convoca\u00e7\u00e3o","situacao":"Conclu\u00eddo","descricao":"Contrata&ccedil;&atilde;o tempor&aacute;ria utilizando a lista vigente de classificados do Concurso P&uacute;blico - Edital 01\/2025 de profissionais da educa&ccedil;&atilde;o, tendo em vista o in&iacute;cio do ano letivo."},{"titulo":"003\/2026 - EDUCADOR INFANTIL - SEDUC","dataAtualizacao":"2026-01-23 19:53:54","dataPostagem":"2026-01-22 21:07:00","dataRealizacao":"2026-01-22 21:07:00","numeroEdital":null,"numeroProcesso":18125,"modalidade":"Convoca\u00e7\u00e3o","situacao":"Conclu\u00eddo","descricao":"Contrata&ccedil;&atilde;o tempor&aacute;ria utilizando a lista vigente de classificados do Concurso P&uacute;blico - Edital 01\/2025 de profissionais da educa&ccedil;&atilde;o, tendo em vista o in&iacute;cio do ano letivo.<br \/>\r\n<br \/>\r\n1.1. EDUCADOR INFANTIL"},{"titulo":"002\/2026 - Professor PII e Mat\u00e9ria Espec\u00edfica - SEDUC","dataAtualizacao":"2026-01-23 19:51:08","dataPostagem":"2026-01-22 21:00:00","dataRealizacao":"2026-01-22 21:00:00","numeroEdital":null,"numeroProcesso":18125,"modalidade":"Convoca\u00e7\u00e3o","situacao":"Conclu\u00eddo","descricao":"Contrata&ccedil;&atilde;o tempor&aacute;ria utilizando a lista vigente de classificados do Concurso P&uacute;blico - Edital 01\/2025 de profissionais da educa&ccedil;&atilde;o, tendo em vista o in&iacute;cio do ano letivo.<br \/>\r\n<br \/>\r\n1.2. PROFESSOR PII (EDUCA&Ccedil;&Atilde;O F&Iacute;SICA)<br \/>\r\n1.3. &nbsp;PROFESSOR PII - (L&Iacute;NGUA PORTUGUESA)<br \/>\r\n1.4. PROFESSOR PII (MATEM&Aacute;TICA)<br \/>\r\n1.5. PROFESSOR PII (HIST&Oacute;RIA)<br \/>\r\n1.6. PROFESSOR PII (GEOGRAFIA)<br \/>\r\n1.7. PROFESSOR PII (CI&Ecirc;NCIAS)<br \/>\r\n1.8. PROFESSOR PII (ARTE)<br \/>\r\n1.9. PROFESSOR PII - (L&Iacute;NGUA INGLESA)<br \/>\r\n1.10. PROFESSOR PII (ENSINO RELIGIOSO)<br \/>\r\n<br \/>\r\n&nbsp;"},{"titulo":"001\/2026 - Supervisor Pedag\u00f3gico - Orientador Pedag\u00f3gico - Psic\u00f3logo Escolar e Assistente Social Escolar - SEDUC","dataAtualizacao":"2026-01-23 19:52:01","dataPostagem":"2026-01-22 21:00:00","dataRealizacao":"2026-01-22 21:00:00","numeroEdital":null,"numeroProcesso":18125,"modalidade":"Convoca\u00e7\u00e3o","situacao":"Conclu\u00eddo","descricao":"Contrata&ccedil;&atilde;o tempor&aacute;ria utilizando a lista vigente de classificados do Concurso P&uacute;blico - Edital 01\/2025 de profissionais da educa&ccedil;&atilde;o, tendo em vista o in&iacute;cio do ano letivo.<br \/>\r\n<br \/>\r\n1.1. TNS\/Pedagogo\/Supervisor Pedag&oacute;gico<br \/>\r\n1.2. TNS\/Pedagogo\/Orientador Pedag&oacute;gico<br \/>\r\n1.3. TNS\/PS\/Psic&oacute;logo Escolar e Educacional<br \/>\r\n1.4. TNS\/PS\/Assistente Social Escolar"},{"titulo":"Processo Seletivo de Contrata\u00e7\u00e3o de Estagi\u00e1rios n\u00ba 02-2025 - PGM","dataAtualizacao":"2026-04-10 07:41:49","dataPostagem":"2025-12-04 00:00:00","dataRealizacao":"2025-12-04 00:00:00","numeroEdital":null,"numeroProcesso":2,"modalidade":"Processo Seletivo","situacao":"Conclu\u00eddo","descricao":""},{"titulo":"CONCURSO P\u00daBLICO 01\/2025","dataAtualizacao":"2026-04-14 11:54:04","dataPostagem":"2025-07-24 00:00:00","dataRealizacao":"2025-07-24 00:00:00","numeroEdital":null,"numeroProcesso":1,"modalidade":"Concurso P\u00fablico","situacao":"Aberto","descricao":"<strong><a class=\"simple-button-plugin\" href=\"https:\/\/www.avancasp.org.br\/informacoes\/197\/\" style=\"display:inline-block;background-color:#27AE61;border:1px solid #27AE61;color:#fff !important;padding:5px 10px;border-radius:5px;font-size:14px;text-decoration: none !important; cursor: pointer; margin:5px;\" target=\"_blank\">CLIQUE AQUI PARA FAZER A SUA INSCRI&Ccedil;&Atilde;O<\/a><\/strong>"},{"titulo":"Edital de Chamamento P\u00fablico COMDEDICA n\u00b0 02\/2025 - Autoriza\u00e7\u00e3o para capta\u00e7\u00e3o de recursos FMDCA","dataAtualizacao":"2026-04-16 11:49:52","dataPostagem":"","dataRealizacao":"2025-05-26 00:00:00","numeroEdital":null,"numeroProcesso":2379,"modalidade":"COMDEDICA","situacao":"Aberto","descricao":""},{"titulo":"Elei\u00e7\u00e3o da Sociedade Civil - COMDEDICA, gest\u00e3o 2026-2028","dataAtualizacao":"2026-04-10 08:40:33","dataPostagem":"","dataRealizacao":"2026-04-10 00:00:00","numeroEdital":null,"numeroProcesso":0,"modalidade":"COMDEDICA","situacao":"Aberto","descricao":""},{"titulo":"Edital de Chamamento P\u00fablico CMDPI n\u00b0 02\/2025 - Autoriza\u00e7\u00e3o para capta\u00e7\u00e3o de recursos","dataAtualizacao":"2026-04-16 11:39:51","dataPostagem":"","dataRealizacao":"2025-05-26 00:00:00","numeroEdital":null,"numeroProcesso":3754,"modalidade":"COMIVA","situacao":"Aberto","descricao":""}]}